{"id":714,"date":"2021-06-02T07:51:57","date_gmt":"2021-06-02T05:51:57","guid":{"rendered":"https:\/\/docs.dolisim.com\/fr\/?p=714"},"modified":"2021-06-03T08:03:04","modified_gmt":"2021-06-03T06:03:04","slug":"activer-laffichage-du-logo-dun-proprietaire","status":"publish","type":"post","link":"https:\/\/docs.dolisim.com\/fr\/activer-laffichage-du-logo-dun-proprietaire\/","title":{"rendered":"Activer l&rsquo;affichage du logo d&rsquo;un propri\u00e9taire sur les factures de la gestion locative"},"content":{"rendered":"\n<p>Certains bailleurs peuvent faire louer les biens appartenant \u00e0 une SCI. Des fois ils ont besoin \u00e0 ce que \u00e7a soit le logo des propri\u00e9taires des biens qui soit affich\u00e9 sur les factures.<\/p>\n\n\n\n<p>Nous allons donc voir, comment afficher le logo du propri\u00e9taire d&rsquo;un bien sur les factures.<\/p>\n\n\n\n<p>Pour cela, connectez-vous \u00e0 votre Dolisim, allez dans Accueil (1), ensuite Configuration (2), puis Configuration -&gt; Modules\/Applications (3).<\/p>\n\n\n\n<div class=\"wp-block-image\"><figure class=\"aligncenter size-large\"><a href=\"https:\/\/docs.dolisim.com\/fr\/wp-content\/uploads\/2021\/06\/Affichage-logo-proprietaire-1.png\"><img loading=\"lazy\" decoding=\"async\" width=\"1024\" height=\"359\" src=\"https:\/\/docs.dolisim.com\/fr\/wp-content\/uploads\/2021\/06\/Affichage-logo-proprietaire-1-1024x359.png\" alt=\"\" class=\"wp-image-715\" srcset=\"https:\/\/docs.dolisim.com\/fr\/wp-content\/uploads\/2021\/06\/Affichage-logo-proprietaire-1-1024x359.png 1024w, https:\/\/docs.dolisim.com\/fr\/wp-content\/uploads\/2021\/06\/Affichage-logo-proprietaire-1-300x105.png 300w, https:\/\/docs.dolisim.com\/fr\/wp-content\/uploads\/2021\/06\/Affichage-logo-proprietaire-1-768x270.png 768w, https:\/\/docs.dolisim.com\/fr\/wp-content\/uploads\/2021\/06\/Affichage-logo-proprietaire-1.png 1507w\" sizes=\"auto, (max-width: 1024px) 100vw, 1024px\" \/><\/a><\/figure><\/div>\n\n\n\n<p>Ici, vous pourrez voir les diff\u00e9rents modules pr\u00e9sents dans Dolisim. Dans ce tutoriel, ce sera le module  \u00ab\u00a0Gestion Locative\u00a0\u00bb  qui nous int\u00e9ressera. Pour le trouver, il suffira de descendre jusqu\u2019au plus bas de la page, vous aurez la partie \u00ab Autres \u00bb, dans laquelle vous aurez \u00ab Gestion Locative \u00bb. Vous allez donc cliquer sur l\u2019<strong>engrenage<\/strong>  pour entrer dans les configurations.<\/p>\n\n\n\n<div class=\"wp-block-image\"><figure class=\"aligncenter size-large\"><a href=\"https:\/\/docs.dolisim.com\/fr\/wp-content\/uploads\/2021\/06\/Affichage-logo-proprietaire-2.png\"><img loading=\"lazy\" decoding=\"async\" width=\"1024\" height=\"535\" src=\"https:\/\/docs.dolisim.com\/fr\/wp-content\/uploads\/2021\/06\/Affichage-logo-proprietaire-2-1024x535.png\" alt=\"\" class=\"wp-image-716\" srcset=\"https:\/\/docs.dolisim.com\/fr\/wp-content\/uploads\/2021\/06\/Affichage-logo-proprietaire-2-1024x535.png 1024w, https:\/\/docs.dolisim.com\/fr\/wp-content\/uploads\/2021\/06\/Affichage-logo-proprietaire-2-300x157.png 300w, https:\/\/docs.dolisim.com\/fr\/wp-content\/uploads\/2021\/06\/Affichage-logo-proprietaire-2-768x401.png 768w, https:\/\/docs.dolisim.com\/fr\/wp-content\/uploads\/2021\/06\/Affichage-logo-proprietaire-2.png 1520w\" sizes=\"auto, (max-width: 1024px) 100vw, 1024px\" \/><\/a><\/figure><\/div>\n\n\n\n<p>Lorsque vous serez sur la page de configuration du module gestion locative, allez dans l&rsquo;onglet Facture (1).<\/p>\n\n\n\n<p>Sur la ligne \u00ab\u00a0Afficher logo propri\u00e9taire\u00a0\u00bb, s\u00e9lectionnez \u00ab\u00a0Oui\u00a0\u00bb (2) dans le menu d\u00e9roulant.<\/p>\n\n\n\n<p>Enfin cliquez sur \u00ab\u00a0ENREGISTRER\u00a0\u00bb (3).<\/p>\n\n\n\n<div class=\"wp-block-image\"><figure class=\"aligncenter size-large\"><a href=\"https:\/\/docs.dolisim.com\/fr\/wp-content\/uploads\/2021\/06\/Affichage-logo-proprietaire-3.png\"><img loading=\"lazy\" decoding=\"async\" width=\"1024\" height=\"407\" src=\"https:\/\/docs.dolisim.com\/fr\/wp-content\/uploads\/2021\/06\/Affichage-logo-proprietaire-3-1024x407.png\" alt=\"\" class=\"wp-image-717\" srcset=\"https:\/\/docs.dolisim.com\/fr\/wp-content\/uploads\/2021\/06\/Affichage-logo-proprietaire-3-1024x407.png 1024w, https:\/\/docs.dolisim.com\/fr\/wp-content\/uploads\/2021\/06\/Affichage-logo-proprietaire-3-300x119.png 300w, https:\/\/docs.dolisim.com\/fr\/wp-content\/uploads\/2021\/06\/Affichage-logo-proprietaire-3-768x305.png 768w, https:\/\/docs.dolisim.com\/fr\/wp-content\/uploads\/2021\/06\/Affichage-logo-proprietaire-3.png 1533w\" sizes=\"auto, (max-width: 1024px) 100vw, 1024px\" \/><\/a><\/figure><\/div>\n\n\n\n<p>Et voil\u00e0, vous verrez maintenant le logo de chaque propri\u00e9taire sur les factures de locations li\u00e9es \u00e0 leur bien.<\/p>\n\n\n\n<p><strong>N.B :<\/strong> si vous activez cette fonctionnalit\u00e9, et que certains biens ne sont pas affect\u00e9s \u00e0 des propri\u00e9taires, vous n&rsquo;aurez aucun logo sur les factures de ces locations.<\/p>\n","protected":false},"excerpt":{"rendered":"<p>Certains bailleurs peuvent faire louer les biens appartenant \u00e0 une SCI. Des fois ils ont besoin \u00e0 ce que \u00e7a soit le logo des propri\u00e9taires des biens qui soit affich\u00e9 sur les factures. Nous allons donc voir, comment afficher le logo du propri\u00e9taire d&rsquo;un bien sur les factures. Pour cela, connectez-vous \u00e0 votre Dolisim, allez [&hellip;]<\/p>\n","protected":false},"author":2,"featured_media":187,"comment_status":"open","ping_status":"open","sticky":false,"template":"","format":"standard","meta":{"footnotes":""},"categories":[7],"tags":[],"class_list":["post-714","post","type-post","status-publish","format-standard","has-post-thumbnail","hentry","category-gestion-locative"],"yoast_head":"<!-- This site is optimized with the Yoast SEO plugin v19.11 - https:\/\/yoast.com\/wordpress\/plugins\/seo\/ -->\n<title>Activer l&#039;affichage du logo d&#039;un propri\u00e9taire sur les factures de la gestion locative - Documentation Dolisim<\/title>\n<meta name=\"description\" content=\"Certains bailleurs peuvent faire louer les biens appartenant \u00e0 une SCI. Des fois ils ont besoin \u00e0 ce que \u00e7a soit le logo de ces derniers qui soit affich\u00e9 sur les factures.\" \/>\n<meta name=\"robots\" content=\"index, follow, max-snippet:-1, max-image-preview:large, max-video-preview:-1\" \/>\n<link rel=\"canonical\" href=\"https:\/\/docs.dolisim.com\/fr\/activer-laffichage-du-logo-dun-proprietaire\/\" \/>\n<meta property=\"og:locale\" content=\"fr_FR\" \/>\n<meta property=\"og:type\" content=\"article\" \/>\n<meta property=\"og:title\" content=\"Activer l&#039;affichage du logo d&#039;un propri\u00e9taire sur les factures de la gestion locative - Documentation Dolisim\" \/>\n<meta property=\"og:description\" content=\"Certains bailleurs peuvent faire louer les biens appartenant \u00e0 une SCI. Des fois ils ont besoin \u00e0 ce que \u00e7a soit le logo de ces derniers qui soit affich\u00e9 sur les factures.\" \/>\n<meta property=\"og:url\" content=\"https:\/\/docs.dolisim.com\/fr\/activer-laffichage-du-logo-dun-proprietaire\/\" \/>\n<meta property=\"og:site_name\" content=\"Documentation Dolisim\" \/>\n<meta property=\"article:published_time\" content=\"2021-06-02T05:51:57+00:00\" \/>\n<meta property=\"article:modified_time\" content=\"2021-06-03T06:03:04+00:00\" \/>\n<meta property=\"og:image\" content=\"https:\/\/docs.dolisim.com\/fr\/wp-content\/uploads\/2021\/04\/logiciel-gestion-locative.png\" \/>\n\t<meta property=\"og:image:width\" content=\"620\" \/>\n\t<meta property=\"og:image:height\" content=\"608\" \/>\n\t<meta property=\"og:image:type\" content=\"image\/png\" \/>\n<meta name=\"author\" content=\"Bishou\" \/>\n<meta name=\"twitter:card\" content=\"summary_large_image\" \/>\n<meta name=\"twitter:label1\" content=\"\u00c9crit par\" \/>\n\t<meta name=\"twitter:data1\" content=\"Bishou\" \/>\n\t<meta name=\"twitter:label2\" content=\"Dur\u00e9e de lecture estim\u00e9e\" \/>\n\t<meta name=\"twitter:data2\" content=\"2 minutes\" \/>\n<script type=\"application\/ld+json\" class=\"yoast-schema-graph\">{\"@context\":\"https:\/\/schema.org\",\"@graph\":[{\"@type\":\"WebPage\",\"@id\":\"https:\/\/docs.dolisim.com\/fr\/activer-laffichage-du-logo-dun-proprietaire\/\",\"url\":\"https:\/\/docs.dolisim.com\/fr\/activer-laffichage-du-logo-dun-proprietaire\/\",\"name\":\"Activer l'affichage du logo d'un propri\u00e9taire sur les factures de la gestion locative - Documentation Dolisim\",\"isPartOf\":{\"@id\":\"https:\/\/docs.dolisim.com\/fr\/#website\"},\"datePublished\":\"2021-06-02T05:51:57+00:00\",\"dateModified\":\"2021-06-03T06:03:04+00:00\",\"author\":{\"@id\":\"https:\/\/docs.dolisim.com\/fr\/#\/schema\/person\/291932a127ee77aa4dba1380552770a4\"},\"description\":\"Certains bailleurs peuvent faire louer les biens appartenant \u00e0 une SCI. Des fois ils ont besoin \u00e0 ce que \u00e7a soit le logo de ces derniers qui soit affich\u00e9 sur les factures.\",\"breadcrumb\":{\"@id\":\"https:\/\/docs.dolisim.com\/fr\/activer-laffichage-du-logo-dun-proprietaire\/#breadcrumb\"},\"inLanguage\":\"fr-FR\",\"potentialAction\":[{\"@type\":\"ReadAction\",\"target\":[\"https:\/\/docs.dolisim.com\/fr\/activer-laffichage-du-logo-dun-proprietaire\/\"]}]},{\"@type\":\"BreadcrumbList\",\"@id\":\"https:\/\/docs.dolisim.com\/fr\/activer-laffichage-du-logo-dun-proprietaire\/#breadcrumb\",\"itemListElement\":[{\"@type\":\"ListItem\",\"position\":1,\"name\":\"Home\",\"item\":\"https:\/\/docs.dolisim.com\/fr\/\"},{\"@type\":\"ListItem\",\"position\":2,\"name\":\"Activer l&rsquo;affichage du logo d&rsquo;un propri\u00e9taire sur les factures de la gestion locative\"}]},{\"@type\":\"WebSite\",\"@id\":\"https:\/\/docs.dolisim.com\/fr\/#website\",\"url\":\"https:\/\/docs.dolisim.com\/fr\/\",\"name\":\"Documentation Dolisim\",\"description\":\"Logiciel de Gestion d&#039;Entreprise ERP\",\"potentialAction\":[{\"@type\":\"SearchAction\",\"target\":{\"@type\":\"EntryPoint\",\"urlTemplate\":\"https:\/\/docs.dolisim.com\/fr\/?s={search_term_string}\"},\"query-input\":\"required name=search_term_string\"}],\"inLanguage\":\"fr-FR\"},{\"@type\":\"Person\",\"@id\":\"https:\/\/docs.dolisim.com\/fr\/#\/schema\/person\/291932a127ee77aa4dba1380552770a4\",\"name\":\"Bishou\",\"image\":{\"@type\":\"ImageObject\",\"inLanguage\":\"fr-FR\",\"@id\":\"https:\/\/docs.dolisim.com\/fr\/#\/schema\/person\/image\/\",\"url\":\"https:\/\/secure.gravatar.com\/avatar\/cb360fee633a39d9f4137bcf85c8019a3a3eccacbd0f2442c895ab9599fde196?s=96&d=mm&r=g\",\"contentUrl\":\"https:\/\/secure.gravatar.com\/avatar\/cb360fee633a39d9f4137bcf85c8019a3a3eccacbd0f2442c895ab9599fde196?s=96&d=mm&r=g\",\"caption\":\"Bishou\"},\"url\":\"https:\/\/docs.dolisim.com\/fr\/author\/bishou\/\"}]}<\/script>\n<!-- \/ Yoast SEO plugin. -->","yoast_head_json":{"title":"Activer l'affichage du logo d'un propri\u00e9taire sur les factures de la gestion locative - Documentation Dolisim","description":"Certains bailleurs peuvent faire louer les biens appartenant \u00e0 une SCI. Des fois ils ont besoin \u00e0 ce que \u00e7a soit le logo de ces derniers qui soit affich\u00e9 sur les factures.","robots":{"index":"index","follow":"follow","max-snippet":"max-snippet:-1","max-image-preview":"max-image-preview:large","max-video-preview":"max-video-preview:-1"},"canonical":"https:\/\/docs.dolisim.com\/fr\/activer-laffichage-du-logo-dun-proprietaire\/","og_locale":"fr_FR","og_type":"article","og_title":"Activer l'affichage du logo d'un propri\u00e9taire sur les factures de la gestion locative - Documentation Dolisim","og_description":"Certains bailleurs peuvent faire louer les biens appartenant \u00e0 une SCI. Des fois ils ont besoin \u00e0 ce que \u00e7a soit le logo de ces derniers qui soit affich\u00e9 sur les factures.","og_url":"https:\/\/docs.dolisim.com\/fr\/activer-laffichage-du-logo-dun-proprietaire\/","og_site_name":"Documentation Dolisim","article_published_time":"2021-06-02T05:51:57+00:00","article_modified_time":"2021-06-03T06:03:04+00:00","og_image":[{"width":620,"height":608,"url":"https:\/\/docs.dolisim.com\/fr\/wp-content\/uploads\/2021\/04\/logiciel-gestion-locative.png","type":"image\/png"}],"author":"Bishou","twitter_card":"summary_large_image","twitter_misc":{"\u00c9crit par":"Bishou","Dur\u00e9e de lecture estim\u00e9e":"2 minutes"},"schema":{"@context":"https:\/\/schema.org","@graph":[{"@type":"WebPage","@id":"https:\/\/docs.dolisim.com\/fr\/activer-laffichage-du-logo-dun-proprietaire\/","url":"https:\/\/docs.dolisim.com\/fr\/activer-laffichage-du-logo-dun-proprietaire\/","name":"Activer l'affichage du logo d'un propri\u00e9taire sur les factures de la gestion locative - Documentation Dolisim","isPartOf":{"@id":"https:\/\/docs.dolisim.com\/fr\/#website"},"datePublished":"2021-06-02T05:51:57+00:00","dateModified":"2021-06-03T06:03:04+00:00","author":{"@id":"https:\/\/docs.dolisim.com\/fr\/#\/schema\/person\/291932a127ee77aa4dba1380552770a4"},"description":"Certains bailleurs peuvent faire louer les biens appartenant \u00e0 une SCI. Des fois ils ont besoin \u00e0 ce que \u00e7a soit le logo de ces derniers qui soit affich\u00e9 sur les factures.","breadcrumb":{"@id":"https:\/\/docs.dolisim.com\/fr\/activer-laffichage-du-logo-dun-proprietaire\/#breadcrumb"},"inLanguage":"fr-FR","potentialAction":[{"@type":"ReadAction","target":["https:\/\/docs.dolisim.com\/fr\/activer-laffichage-du-logo-dun-proprietaire\/"]}]},{"@type":"BreadcrumbList","@id":"https:\/\/docs.dolisim.com\/fr\/activer-laffichage-du-logo-dun-proprietaire\/#breadcrumb","itemListElement":[{"@type":"ListItem","position":1,"name":"Home","item":"https:\/\/docs.dolisim.com\/fr\/"},{"@type":"ListItem","position":2,"name":"Activer l&rsquo;affichage du logo d&rsquo;un propri\u00e9taire sur les factures de la gestion locative"}]},{"@type":"WebSite","@id":"https:\/\/docs.dolisim.com\/fr\/#website","url":"https:\/\/docs.dolisim.com\/fr\/","name":"Documentation Dolisim","description":"Logiciel de Gestion d&#039;Entreprise ERP","potentialAction":[{"@type":"SearchAction","target":{"@type":"EntryPoint","urlTemplate":"https:\/\/docs.dolisim.com\/fr\/?s={search_term_string}"},"query-input":"required name=search_term_string"}],"inLanguage":"fr-FR"},{"@type":"Person","@id":"https:\/\/docs.dolisim.com\/fr\/#\/schema\/person\/291932a127ee77aa4dba1380552770a4","name":"Bishou","image":{"@type":"ImageObject","inLanguage":"fr-FR","@id":"https:\/\/docs.dolisim.com\/fr\/#\/schema\/person\/image\/","url":"https:\/\/secure.gravatar.com\/avatar\/cb360fee633a39d9f4137bcf85c8019a3a3eccacbd0f2442c895ab9599fde196?s=96&d=mm&r=g","contentUrl":"https:\/\/secure.gravatar.com\/avatar\/cb360fee633a39d9f4137bcf85c8019a3a3eccacbd0f2442c895ab9599fde196?s=96&d=mm&r=g","caption":"Bishou"},"url":"https:\/\/docs.dolisim.com\/fr\/author\/bishou\/"}]}},"_links":{"self":[{"href":"https:\/\/docs.dolisim.com\/fr\/wp-json\/wp\/v2\/posts\/714","targetHints":{"allow":["GET"]}}],"collection":[{"href":"https:\/\/docs.dolisim.com\/fr\/wp-json\/wp\/v2\/posts"}],"about":[{"href":"https:\/\/docs.dolisim.com\/fr\/wp-json\/wp\/v2\/types\/post"}],"author":[{"embeddable":true,"href":"https:\/\/docs.dolisim.com\/fr\/wp-json\/wp\/v2\/users\/2"}],"replies":[{"embeddable":true,"href":"https:\/\/docs.dolisim.com\/fr\/wp-json\/wp\/v2\/comments?post=714"}],"version-history":[{"count":2,"href":"https:\/\/docs.dolisim.com\/fr\/wp-json\/wp\/v2\/posts\/714\/revisions"}],"predecessor-version":[{"id":726,"href":"https:\/\/docs.dolisim.com\/fr\/wp-json\/wp\/v2\/posts\/714\/revisions\/726"}],"wp:featuredmedia":[{"embeddable":true,"href":"https:\/\/docs.dolisim.com\/fr\/wp-json\/wp\/v2\/media\/187"}],"wp:attachment":[{"href":"https:\/\/docs.dolisim.com\/fr\/wp-json\/wp\/v2\/media?parent=714"}],"wp:term":[{"taxonomy":"category","embeddable":true,"href":"https:\/\/docs.dolisim.com\/fr\/wp-json\/wp\/v2\/categories?post=714"},{"taxonomy":"post_tag","embeddable":true,"href":"https:\/\/docs.dolisim.com\/fr\/wp-json\/wp\/v2\/tags?post=714"}],"curies":[{"name":"wp","href":"https:\/\/api.w.org\/{rel}","templated":true}]}}