{"id":69,"date":"2021-04-08T10:57:31","date_gmt":"2021-04-08T08:57:31","guid":{"rendered":"https:\/\/docs.dolisim.com\/fr\/?page_id=69"},"modified":"2021-05-14T15:19:16","modified_gmt":"2021-05-14T13:19:16","slug":"ajouter-les-irl","status":"publish","type":"post","link":"https:\/\/docs.dolisim.com\/fr\/ajouter-les-irl\/","title":{"rendered":"Ajouter les IRL dans Dolisim"},"content":{"rendered":"\n<p>L\u2019IRL ou l\u2019indice de r\u00e9f\u00e9rence des loyers est utilis\u00e9e pour r\u00e9\u00e9valuer les loyers des logements lou\u00e9s vides ou meubl\u00e9s. Il fixe les plafonds des augmentations annuelles des loyers que peuvent exiger les propri\u00e9taires.<br>Dans le module Gestion Locative de Dolisim, vous avez les IRL allant jusqu\u2019au trimestre 2019.<br>Nous allons donc voir dans ce tutoriel, comment ajouter des IRL dans le module Gestion Locative de Dolisim.<\/p>\n\n\n\n<p>Dans un premier temps, connectez-vous sur votre Dolisim, quand vous serez sur la page d\u2019accueil (1), cliquez sur Configuration (2).<\/p>\n\n\n\n<figure class=\"wp-block-image size-large\"><a href=\"https:\/\/docs.dolisim.com\/fr\/wp-content\/uploads\/2021\/04\/Etape-1-3.png\"><img loading=\"lazy\" decoding=\"async\" width=\"1024\" height=\"528\" src=\"https:\/\/docs.dolisim.com\/fr\/wp-content\/uploads\/2021\/04\/Etape-1-3-1024x528.png\" alt=\"\" class=\"wp-image-70\" srcset=\"https:\/\/docs.dolisim.com\/fr\/wp-content\/uploads\/2021\/04\/Etape-1-3-1024x528.png 1024w, https:\/\/docs.dolisim.com\/fr\/wp-content\/uploads\/2021\/04\/Etape-1-3-300x155.png 300w, https:\/\/docs.dolisim.com\/fr\/wp-content\/uploads\/2021\/04\/Etape-1-3-768x396.png 768w, https:\/\/docs.dolisim.com\/fr\/wp-content\/uploads\/2021\/04\/Etape-1-3-1536x793.png 1536w, https:\/\/docs.dolisim.com\/fr\/wp-content\/uploads\/2021\/04\/Etape-1-3-1568x809.png 1568w, https:\/\/docs.dolisim.com\/fr\/wp-content\/uploads\/2021\/04\/Etape-1-3.png 1839w\" sizes=\"auto, (max-width: 1024px) 100vw, 1024px\" \/><\/a><\/figure>\n\n\n\n<p>Une fois que vous \u00eates sur la page de configuration, cliquez sur \u00ab Configuration\u2192Modules\/Applications \u00bb (1)<\/p>\n\n\n\n<div class=\"wp-block-image\"><figure class=\"aligncenter size-large\"><a href=\"https:\/\/docs.dolisim.com\/fr\/wp-content\/uploads\/2021\/05\/Etape-2-2.png\"><img loading=\"lazy\" decoding=\"async\" width=\"1024\" height=\"384\" src=\"https:\/\/docs.dolisim.com\/fr\/wp-content\/uploads\/2021\/05\/Etape-2-2-1024x384.png\" alt=\"\" class=\"wp-image-624\" srcset=\"https:\/\/docs.dolisim.com\/fr\/wp-content\/uploads\/2021\/05\/Etape-2-2-1024x384.png 1024w, https:\/\/docs.dolisim.com\/fr\/wp-content\/uploads\/2021\/05\/Etape-2-2-300x112.png 300w, https:\/\/docs.dolisim.com\/fr\/wp-content\/uploads\/2021\/05\/Etape-2-2-768x288.png 768w, https:\/\/docs.dolisim.com\/fr\/wp-content\/uploads\/2021\/05\/Etape-2-2-1536x575.png 1536w, https:\/\/docs.dolisim.com\/fr\/wp-content\/uploads\/2021\/05\/Etape-2-2.png 1853w\" sizes=\"auto, (max-width: 1024px) 100vw, 1024px\" \/><\/a><\/figure><\/div>\n\n\n\n<p>Ici, vous pourrez voir les diff\u00e9rents modules pr\u00e9sents dans Dolisim. Dans ce tutoriel, ce sera le module \u00a0\u00bb Gestion Locative\u00a0\u00bb qui nous int\u00e9ressera. Pour le trouver, il suffira de descendre jusqu\u2019au plus bas de la page, vous aurez la partie \u00ab Autres \u00bb, dans laquelle vous aurez \u00ab Gestion Locative \u00bb. Vous allez donc cliquer sur l\u2019engrenage (1) pour entrer dans les configurations.<\/p>\n\n\n\n<figure class=\"wp-block-image size-large\"><a href=\"https:\/\/docs.dolisim.com\/fr\/wp-content\/uploads\/2021\/04\/Etape-3-3.png\"><img loading=\"lazy\" decoding=\"async\" width=\"1024\" height=\"542\" src=\"https:\/\/docs.dolisim.com\/fr\/wp-content\/uploads\/2021\/04\/Etape-3-3-1024x542.png\" alt=\"\" class=\"wp-image-72\" srcset=\"https:\/\/docs.dolisim.com\/fr\/wp-content\/uploads\/2021\/04\/Etape-3-3-1024x542.png 1024w, https:\/\/docs.dolisim.com\/fr\/wp-content\/uploads\/2021\/04\/Etape-3-3-300x159.png 300w, https:\/\/docs.dolisim.com\/fr\/wp-content\/uploads\/2021\/04\/Etape-3-3-768x406.png 768w, https:\/\/docs.dolisim.com\/fr\/wp-content\/uploads\/2021\/04\/Etape-3-3-1536x813.png 1536w, https:\/\/docs.dolisim.com\/fr\/wp-content\/uploads\/2021\/04\/Etape-3-3-1568x830.png 1568w, https:\/\/docs.dolisim.com\/fr\/wp-content\/uploads\/2021\/04\/Etape-3-3.png 1841w\" sizes=\"auto, (max-width: 1024px) 100vw, 1024px\" \/><\/a><\/figure>\n\n\n\n<p>Lorsque vous serez sur la page de configuration du module gestion locative, cliquez sur IRL. L\u00e0, vous allez voir les IRL depuis le quatri\u00e8me trimestre de 2002, jusqu\u2019au trimestre 2019.<\/p>\n\n\n\n<figure class=\"wp-block-image size-large\"><a href=\"https:\/\/docs.dolisim.com\/fr\/wp-content\/uploads\/2021\/04\/Etape-4-2.png\"><img loading=\"lazy\" decoding=\"async\" width=\"1024\" height=\"542\" src=\"https:\/\/docs.dolisim.com\/fr\/wp-content\/uploads\/2021\/04\/Etape-4-2-1024x542.png\" alt=\"\" class=\"wp-image-73\" srcset=\"https:\/\/docs.dolisim.com\/fr\/wp-content\/uploads\/2021\/04\/Etape-4-2-1024x542.png 1024w, https:\/\/docs.dolisim.com\/fr\/wp-content\/uploads\/2021\/04\/Etape-4-2-300x159.png 300w, https:\/\/docs.dolisim.com\/fr\/wp-content\/uploads\/2021\/04\/Etape-4-2-768x406.png 768w, https:\/\/docs.dolisim.com\/fr\/wp-content\/uploads\/2021\/04\/Etape-4-2-1536x813.png 1536w, https:\/\/docs.dolisim.com\/fr\/wp-content\/uploads\/2021\/04\/Etape-4-2-1568x830.png 1568w, https:\/\/docs.dolisim.com\/fr\/wp-content\/uploads\/2021\/04\/Etape-4-2.png 1841w\" sizes=\"auto, (max-width: 1024px) 100vw, 1024px\" \/><\/a><\/figure>\n\n\n\n<p>Afin d\u2019ajouter les IRL, vous allez descendre tout en bas de la page, o\u00f9 vous aurez 4 champs \u00e0 remplir.<br>Tout d\u2019abord, vous aurez l\u2019ann\u00e9e (1), ensuite le trimestre (2), la date de parution (3) et enfin la valeur (4).<br>Lorsque tous les champs seront compl\u00e9t\u00e9s, cliquez sur \u00ab Ajouter \u00bb (5) pour enregistrer l\u2019IRL.<\/p>\n\n\n\n<figure class=\"wp-block-image size-large\"><a href=\"https:\/\/docs.dolisim.com\/fr\/wp-content\/uploads\/2021\/04\/Etape-5.png\"><img loading=\"lazy\" decoding=\"async\" width=\"1024\" height=\"542\" src=\"https:\/\/docs.dolisim.com\/fr\/wp-content\/uploads\/2021\/04\/Etape-5-1024x542.png\" alt=\"\" class=\"wp-image-74\" srcset=\"https:\/\/docs.dolisim.com\/fr\/wp-content\/uploads\/2021\/04\/Etape-5-1024x542.png 1024w, https:\/\/docs.dolisim.com\/fr\/wp-content\/uploads\/2021\/04\/Etape-5-300x159.png 300w, https:\/\/docs.dolisim.com\/fr\/wp-content\/uploads\/2021\/04\/Etape-5-768x406.png 768w, https:\/\/docs.dolisim.com\/fr\/wp-content\/uploads\/2021\/04\/Etape-5-1536x813.png 1536w, https:\/\/docs.dolisim.com\/fr\/wp-content\/uploads\/2021\/04\/Etape-5-1568x830.png 1568w, https:\/\/docs.dolisim.com\/fr\/wp-content\/uploads\/2021\/04\/Etape-5.png 1841w\" sizes=\"auto, (max-width: 1024px) 100vw, 1024px\" \/><\/a><\/figure>\n\n\n\n<p>Par la suite, vous pourrez rajouter les IRL qui sortiront \u00e0 l\u2019avenir.<\/p>\n","protected":false},"excerpt":{"rendered":"<p>L\u2019IRL ou l\u2019indice de r\u00e9f\u00e9rence des loyers est utilis\u00e9e pour r\u00e9\u00e9valuer les loyers des logements lou\u00e9s vides ou meubl\u00e9s. Il fixe les plafonds des augmentations annuelles des loyers que peuvent exiger les propri\u00e9taires.Dans le module Gestion Locative de Dolisim, vous avez les IRL allant jusqu\u2019au trimestre 2019.Nous allons donc voir dans ce tutoriel, comment ajouter [&hellip;]<\/p>\n","protected":false},"author":2,"featured_media":187,"comment_status":"closed","ping_status":"closed","sticky":false,"template":"","format":"standard","meta":{"footnotes":""},"categories":[7],"tags":[],"class_list":["post-69","post","type-post","status-publish","format-standard","has-post-thumbnail","hentry","category-gestion-locative"],"yoast_head":"<!-- This site is optimized with the Yoast SEO plugin v19.11 - https:\/\/yoast.com\/wordpress\/plugins\/seo\/ -->\n<title>Ajouter les IRL dans Dolisim - Documentation Dolisim<\/title>\n<meta name=\"description\" content=\"L\u2019IRL ou l\u2019indice de r\u00e9f\u00e9rence des loyers est utilis\u00e9 pour r\u00e9\u00e9valuer les loyers des logements lou\u00e9s vides ou meubl\u00e9s\" \/>\n<meta name=\"robots\" content=\"index, follow, max-snippet:-1, max-image-preview:large, max-video-preview:-1\" \/>\n<link rel=\"canonical\" href=\"https:\/\/docs.dolisim.com\/fr\/ajouter-les-irl\/\" \/>\n<meta property=\"og:locale\" content=\"fr_FR\" \/>\n<meta property=\"og:type\" content=\"article\" \/>\n<meta property=\"og:title\" content=\"Ajouter les IRL dans Dolisim - Documentation Dolisim\" \/>\n<meta property=\"og:description\" content=\"L\u2019IRL ou l\u2019indice de r\u00e9f\u00e9rence des loyers est utilis\u00e9 pour r\u00e9\u00e9valuer les loyers des logements lou\u00e9s vides ou meubl\u00e9s\" \/>\n<meta property=\"og:url\" content=\"https:\/\/docs.dolisim.com\/fr\/ajouter-les-irl\/\" \/>\n<meta property=\"og:site_name\" content=\"Documentation Dolisim\" \/>\n<meta property=\"article:published_time\" content=\"2021-04-08T08:57:31+00:00\" \/>\n<meta property=\"article:modified_time\" content=\"2021-05-14T13:19:16+00:00\" \/>\n<meta property=\"og:image\" content=\"https:\/\/docs.dolisim.com\/fr\/wp-content\/uploads\/2021\/04\/logiciel-gestion-locative.png\" \/>\n\t<meta property=\"og:image:width\" content=\"620\" \/>\n\t<meta property=\"og:image:height\" content=\"608\" \/>\n\t<meta property=\"og:image:type\" content=\"image\/png\" \/>\n<meta name=\"author\" content=\"Bishou\" \/>\n<meta name=\"twitter:card\" content=\"summary_large_image\" \/>\n<meta name=\"twitter:label1\" content=\"\u00c9crit par\" \/>\n\t<meta name=\"twitter:data1\" content=\"Bishou\" \/>\n\t<meta name=\"twitter:label2\" content=\"Dur\u00e9e de lecture estim\u00e9e\" \/>\n\t<meta name=\"twitter:data2\" content=\"3 minutes\" \/>\n<script type=\"application\/ld+json\" class=\"yoast-schema-graph\">{\"@context\":\"https:\/\/schema.org\",\"@graph\":[{\"@type\":\"WebPage\",\"@id\":\"https:\/\/docs.dolisim.com\/fr\/ajouter-les-irl\/\",\"url\":\"https:\/\/docs.dolisim.com\/fr\/ajouter-les-irl\/\",\"name\":\"Ajouter les IRL dans Dolisim - Documentation Dolisim\",\"isPartOf\":{\"@id\":\"https:\/\/docs.dolisim.com\/fr\/#website\"},\"datePublished\":\"2021-04-08T08:57:31+00:00\",\"dateModified\":\"2021-05-14T13:19:16+00:00\",\"author\":{\"@id\":\"https:\/\/docs.dolisim.com\/fr\/#\/schema\/person\/291932a127ee77aa4dba1380552770a4\"},\"description\":\"L\u2019IRL ou l\u2019indice de r\u00e9f\u00e9rence des loyers est utilis\u00e9 pour r\u00e9\u00e9valuer les loyers des logements lou\u00e9s vides ou meubl\u00e9s\",\"breadcrumb\":{\"@id\":\"https:\/\/docs.dolisim.com\/fr\/ajouter-les-irl\/#breadcrumb\"},\"inLanguage\":\"fr-FR\",\"potentialAction\":[{\"@type\":\"ReadAction\",\"target\":[\"https:\/\/docs.dolisim.com\/fr\/ajouter-les-irl\/\"]}]},{\"@type\":\"BreadcrumbList\",\"@id\":\"https:\/\/docs.dolisim.com\/fr\/ajouter-les-irl\/#breadcrumb\",\"itemListElement\":[{\"@type\":\"ListItem\",\"position\":1,\"name\":\"Home\",\"item\":\"https:\/\/docs.dolisim.com\/fr\/\"},{\"@type\":\"ListItem\",\"position\":2,\"name\":\"Gestion locative\",\"item\":\"https:\/\/docs.dolisim.com\/fr\/gestion-locative\/\"},{\"@type\":\"ListItem\",\"position\":3,\"name\":\"Ajouter les IRL dans Dolisim\"}]},{\"@type\":\"WebSite\",\"@id\":\"https:\/\/docs.dolisim.com\/fr\/#website\",\"url\":\"https:\/\/docs.dolisim.com\/fr\/\",\"name\":\"Documentation Dolisim\",\"description\":\"Logiciel de Gestion d&#039;Entreprise ERP\",\"potentialAction\":[{\"@type\":\"SearchAction\",\"target\":{\"@type\":\"EntryPoint\",\"urlTemplate\":\"https:\/\/docs.dolisim.com\/fr\/?s={search_term_string}\"},\"query-input\":\"required name=search_term_string\"}],\"inLanguage\":\"fr-FR\"},{\"@type\":\"Person\",\"@id\":\"https:\/\/docs.dolisim.com\/fr\/#\/schema\/person\/291932a127ee77aa4dba1380552770a4\",\"name\":\"Bishou\",\"image\":{\"@type\":\"ImageObject\",\"inLanguage\":\"fr-FR\",\"@id\":\"https:\/\/docs.dolisim.com\/fr\/#\/schema\/person\/image\/\",\"url\":\"https:\/\/secure.gravatar.com\/avatar\/cb360fee633a39d9f4137bcf85c8019a3a3eccacbd0f2442c895ab9599fde196?s=96&d=mm&r=g\",\"contentUrl\":\"https:\/\/secure.gravatar.com\/avatar\/cb360fee633a39d9f4137bcf85c8019a3a3eccacbd0f2442c895ab9599fde196?s=96&d=mm&r=g\",\"caption\":\"Bishou\"},\"url\":\"https:\/\/docs.dolisim.com\/fr\/author\/bishou\/\"}]}<\/script>\n<!-- \/ Yoast SEO plugin. -->","yoast_head_json":{"title":"Ajouter les IRL dans Dolisim - Documentation Dolisim","description":"L\u2019IRL ou l\u2019indice de r\u00e9f\u00e9rence des loyers est utilis\u00e9 pour r\u00e9\u00e9valuer les loyers des logements lou\u00e9s vides ou meubl\u00e9s","robots":{"index":"index","follow":"follow","max-snippet":"max-snippet:-1","max-image-preview":"max-image-preview:large","max-video-preview":"max-video-preview:-1"},"canonical":"https:\/\/docs.dolisim.com\/fr\/ajouter-les-irl\/","og_locale":"fr_FR","og_type":"article","og_title":"Ajouter les IRL dans Dolisim - Documentation Dolisim","og_description":"L\u2019IRL ou l\u2019indice de r\u00e9f\u00e9rence des loyers est utilis\u00e9 pour r\u00e9\u00e9valuer les loyers des logements lou\u00e9s vides ou meubl\u00e9s","og_url":"https:\/\/docs.dolisim.com\/fr\/ajouter-les-irl\/","og_site_name":"Documentation Dolisim","article_published_time":"2021-04-08T08:57:31+00:00","article_modified_time":"2021-05-14T13:19:16+00:00","og_image":[{"width":620,"height":608,"url":"https:\/\/docs.dolisim.com\/fr\/wp-content\/uploads\/2021\/04\/logiciel-gestion-locative.png","type":"image\/png"}],"author":"Bishou","twitter_card":"summary_large_image","twitter_misc":{"\u00c9crit par":"Bishou","Dur\u00e9e de lecture estim\u00e9e":"3 minutes"},"schema":{"@context":"https:\/\/schema.org","@graph":[{"@type":"WebPage","@id":"https:\/\/docs.dolisim.com\/fr\/ajouter-les-irl\/","url":"https:\/\/docs.dolisim.com\/fr\/ajouter-les-irl\/","name":"Ajouter les IRL dans Dolisim - Documentation Dolisim","isPartOf":{"@id":"https:\/\/docs.dolisim.com\/fr\/#website"},"datePublished":"2021-04-08T08:57:31+00:00","dateModified":"2021-05-14T13:19:16+00:00","author":{"@id":"https:\/\/docs.dolisim.com\/fr\/#\/schema\/person\/291932a127ee77aa4dba1380552770a4"},"description":"L\u2019IRL ou l\u2019indice de r\u00e9f\u00e9rence des loyers est utilis\u00e9 pour r\u00e9\u00e9valuer les loyers des logements lou\u00e9s vides ou meubl\u00e9s","breadcrumb":{"@id":"https:\/\/docs.dolisim.com\/fr\/ajouter-les-irl\/#breadcrumb"},"inLanguage":"fr-FR","potentialAction":[{"@type":"ReadAction","target":["https:\/\/docs.dolisim.com\/fr\/ajouter-les-irl\/"]}]},{"@type":"BreadcrumbList","@id":"https:\/\/docs.dolisim.com\/fr\/ajouter-les-irl\/#breadcrumb","itemListElement":[{"@type":"ListItem","position":1,"name":"Home","item":"https:\/\/docs.dolisim.com\/fr\/"},{"@type":"ListItem","position":2,"name":"Gestion locative","item":"https:\/\/docs.dolisim.com\/fr\/gestion-locative\/"},{"@type":"ListItem","position":3,"name":"Ajouter les IRL dans Dolisim"}]},{"@type":"WebSite","@id":"https:\/\/docs.dolisim.com\/fr\/#website","url":"https:\/\/docs.dolisim.com\/fr\/","name":"Documentation Dolisim","description":"Logiciel de Gestion d&#039;Entreprise ERP","potentialAction":[{"@type":"SearchAction","target":{"@type":"EntryPoint","urlTemplate":"https:\/\/docs.dolisim.com\/fr\/?s={search_term_string}"},"query-input":"required name=search_term_string"}],"inLanguage":"fr-FR"},{"@type":"Person","@id":"https:\/\/docs.dolisim.com\/fr\/#\/schema\/person\/291932a127ee77aa4dba1380552770a4","name":"Bishou","image":{"@type":"ImageObject","inLanguage":"fr-FR","@id":"https:\/\/docs.dolisim.com\/fr\/#\/schema\/person\/image\/","url":"https:\/\/secure.gravatar.com\/avatar\/cb360fee633a39d9f4137bcf85c8019a3a3eccacbd0f2442c895ab9599fde196?s=96&d=mm&r=g","contentUrl":"https:\/\/secure.gravatar.com\/avatar\/cb360fee633a39d9f4137bcf85c8019a3a3eccacbd0f2442c895ab9599fde196?s=96&d=mm&r=g","caption":"Bishou"},"url":"https:\/\/docs.dolisim.com\/fr\/author\/bishou\/"}]}},"_links":{"self":[{"href":"https:\/\/docs.dolisim.com\/fr\/wp-json\/wp\/v2\/posts\/69","targetHints":{"allow":["GET"]}}],"collection":[{"href":"https:\/\/docs.dolisim.com\/fr\/wp-json\/wp\/v2\/posts"}],"about":[{"href":"https:\/\/docs.dolisim.com\/fr\/wp-json\/wp\/v2\/types\/post"}],"author":[{"embeddable":true,"href":"https:\/\/docs.dolisim.com\/fr\/wp-json\/wp\/v2\/users\/2"}],"replies":[{"embeddable":true,"href":"https:\/\/docs.dolisim.com\/fr\/wp-json\/wp\/v2\/comments?post=69"}],"version-history":[{"count":3,"href":"https:\/\/docs.dolisim.com\/fr\/wp-json\/wp\/v2\/posts\/69\/revisions"}],"predecessor-version":[{"id":626,"href":"https:\/\/docs.dolisim.com\/fr\/wp-json\/wp\/v2\/posts\/69\/revisions\/626"}],"wp:featuredmedia":[{"embeddable":true,"href":"https:\/\/docs.dolisim.com\/fr\/wp-json\/wp\/v2\/media\/187"}],"wp:attachment":[{"href":"https:\/\/docs.dolisim.com\/fr\/wp-json\/wp\/v2\/media?parent=69"}],"wp:term":[{"taxonomy":"category","embeddable":true,"href":"https:\/\/docs.dolisim.com\/fr\/wp-json\/wp\/v2\/categories?post=69"},{"taxonomy":"post_tag","embeddable":true,"href":"https:\/\/docs.dolisim.com\/fr\/wp-json\/wp\/v2\/tags?post=69"}],"curies":[{"name":"wp","href":"https:\/\/api.w.org\/{rel}","templated":true}]}}