{"id":57,"date":"2021-04-08T09:16:47","date_gmt":"2021-04-08T07:16:47","guid":{"rendered":"https:\/\/docs.dolisim.com\/fr\/?page_id=57"},"modified":"2021-05-14T15:15:00","modified_gmt":"2021-05-14T13:15:00","slug":"ajouter-les-photos-dun-bien","status":"publish","type":"post","link":"https:\/\/docs.dolisim.com\/fr\/ajouter-les-photos-dun-bien\/","title":{"rendered":"Ajouter les photos d&rsquo;un bien dans Dolisim"},"content":{"rendered":"\n<p>Vous perdez trop de temps avec la recherche des photos de vos biens dans vos dossiers ?<br>Avec la gestion locative, vous pouvez directement ajouter les photos correspondantes \u00e0 vos biens.<br>Mais comment faire ?<br><br>Rien de plus simple, connectez-vous sur Dolisim, allez dans \u00ab Gestion locative \u00bb (1), puis cliquez sur \u00ab Biens \u00bb (2).<br>Sur la page, vous aurez la liste de tous vos biens. Cliquez sur la r\u00e9f\u00e9rence (3) du bien auquel vous souhaitez ajouter la photo (ici nous prendrons le bien 0123).<\/p>\n\n\n\n<figure class=\"wp-block-image size-large\"><a href=\"https:\/\/docs.dolisim.com\/fr\/wp-content\/uploads\/2021\/04\/Etape-1-1.png\"><img loading=\"lazy\" decoding=\"async\" width=\"1024\" height=\"535\" src=\"https:\/\/docs.dolisim.com\/fr\/wp-content\/uploads\/2021\/04\/Etape-1-1-1024x535.png\" alt=\"\" class=\"wp-image-58\" srcset=\"https:\/\/docs.dolisim.com\/fr\/wp-content\/uploads\/2021\/04\/Etape-1-1-1024x535.png 1024w, https:\/\/docs.dolisim.com\/fr\/wp-content\/uploads\/2021\/04\/Etape-1-1-300x157.png 300w, https:\/\/docs.dolisim.com\/fr\/wp-content\/uploads\/2021\/04\/Etape-1-1-768x401.png 768w, https:\/\/docs.dolisim.com\/fr\/wp-content\/uploads\/2021\/04\/Etape-1-1.png 1520w\" sizes=\"auto, (max-width: 1024px) 100vw, 1024px\" \/><\/a><\/figure>\n\n\n\n<p>Apr\u00e8s avoir cliqu\u00e9 sur le bien concern\u00e9, vous serez redirig\u00e9 sur la page r\u00e9sumant le bien. Maintenant, cliquez sur l\u2019onglet \u00a0\u00bb <strong>Pi\u00e8ces jointes<\/strong>\u00ab\u00a0.<\/p>\n\n\n\n<div class=\"wp-block-image\"><figure class=\"aligncenter size-large\"><a href=\"https:\/\/docs.dolisim.com\/fr\/wp-content\/uploads\/2021\/05\/Etape-2-1.png\"><img loading=\"lazy\" decoding=\"async\" width=\"1024\" height=\"432\" src=\"https:\/\/docs.dolisim.com\/fr\/wp-content\/uploads\/2021\/05\/Etape-2-1-1024x432.png\" alt=\"\" class=\"wp-image-621\" srcset=\"https:\/\/docs.dolisim.com\/fr\/wp-content\/uploads\/2021\/05\/Etape-2-1-1024x432.png 1024w, https:\/\/docs.dolisim.com\/fr\/wp-content\/uploads\/2021\/05\/Etape-2-1-300x127.png 300w, https:\/\/docs.dolisim.com\/fr\/wp-content\/uploads\/2021\/05\/Etape-2-1-768x324.png 768w, https:\/\/docs.dolisim.com\/fr\/wp-content\/uploads\/2021\/05\/Etape-2-1.png 1520w\" sizes=\"auto, (max-width: 1024px) 100vw, 1024px\" \/><\/a><\/figure><\/div>\n\n\n\n<p>Une fois sur l\u2019onglet Pi\u00e8ces jointes, choisissez le fichier \u00e0 partir de vos documents en cliquant sur \u00ab parcourir \u00bb (1) , puis cliquez sur \u00ab <strong>Envoyer le fichier <\/strong>\u00bb (2).<\/p>\n\n\n\n<div class=\"wp-block-image\"><figure class=\"aligncenter size-large\"><a href=\"https:\/\/docs.dolisim.com\/fr\/wp-content\/uploads\/2021\/05\/Etape-3.png\"><img loading=\"lazy\" decoding=\"async\" width=\"1024\" height=\"329\" src=\"https:\/\/docs.dolisim.com\/fr\/wp-content\/uploads\/2021\/05\/Etape-3-1024x329.png\" alt=\"\" class=\"wp-image-622\" srcset=\"https:\/\/docs.dolisim.com\/fr\/wp-content\/uploads\/2021\/05\/Etape-3-1024x329.png 1024w, https:\/\/docs.dolisim.com\/fr\/wp-content\/uploads\/2021\/05\/Etape-3-300x97.png 300w, https:\/\/docs.dolisim.com\/fr\/wp-content\/uploads\/2021\/05\/Etape-3-768x247.png 768w, https:\/\/docs.dolisim.com\/fr\/wp-content\/uploads\/2021\/05\/Etape-3.png 1520w\" sizes=\"auto, (max-width: 1024px) 100vw, 1024px\" \/><\/a><\/figure><\/div>\n\n\n\n<p>Et voil\u00e0, rien de plus plaisant que de voir dans votre outil du quotidien toutes les informations dont vous avez besoin !<\/p>\n","protected":false},"excerpt":{"rendered":"<p>Vous perdez trop de temps avec la recherche des photos de vos biens dans vos dossiers ?Avec la gestion locative, vous pouvez directement ajouter les photos correspondantes \u00e0 vos biens.Mais comment faire ? Rien de plus simple, connectez-vous sur Dolisim, allez dans \u00ab Gestion locative \u00bb (1), puis cliquez sur \u00ab Biens \u00bb (2).Sur la [&hellip;]<\/p>\n","protected":false},"author":2,"featured_media":187,"comment_status":"closed","ping_status":"closed","sticky":false,"template":"","format":"standard","meta":{"footnotes":""},"categories":[7],"tags":[],"class_list":["post-57","post","type-post","status-publish","format-standard","has-post-thumbnail","hentry","category-gestion-locative"],"yoast_head":"<!-- This site is optimized with the Yoast SEO plugin v19.11 - https:\/\/yoast.com\/wordpress\/plugins\/seo\/ -->\n<title>Ajouter les photos d&#039;un bien dans Dolisim - Documentation Dolisim<\/title>\n<meta name=\"description\" content=\"Facilitez la gestion de vos biens dans Dolisim, en ajoutant les photos. Nous allons voir comment proc\u00e9der pour l&#039;ajout de vos photos.\" \/>\n<meta name=\"robots\" content=\"index, follow, max-snippet:-1, max-image-preview:large, max-video-preview:-1\" \/>\n<link rel=\"canonical\" href=\"https:\/\/docs.dolisim.com\/fr\/ajouter-les-photos-dun-bien\/\" \/>\n<meta property=\"og:locale\" content=\"fr_FR\" \/>\n<meta property=\"og:type\" content=\"article\" \/>\n<meta property=\"og:title\" content=\"Ajouter les photos d&#039;un bien dans Dolisim - Documentation Dolisim\" \/>\n<meta property=\"og:description\" content=\"Facilitez la gestion de vos biens dans Dolisim, en ajoutant les photos. Nous allons voir comment proc\u00e9der pour l&#039;ajout de vos photos.\" \/>\n<meta property=\"og:url\" content=\"https:\/\/docs.dolisim.com\/fr\/ajouter-les-photos-dun-bien\/\" \/>\n<meta property=\"og:site_name\" content=\"Documentation Dolisim\" \/>\n<meta property=\"article:published_time\" content=\"2021-04-08T07:16:47+00:00\" \/>\n<meta property=\"article:modified_time\" content=\"2021-05-14T13:15:00+00:00\" \/>\n<meta property=\"og:image\" content=\"https:\/\/docs.dolisim.com\/fr\/wp-content\/uploads\/2021\/04\/logiciel-gestion-locative.png\" \/>\n\t<meta property=\"og:image:width\" content=\"620\" \/>\n\t<meta property=\"og:image:height\" content=\"608\" \/>\n\t<meta property=\"og:image:type\" content=\"image\/png\" \/>\n<meta name=\"author\" content=\"Bishou\" \/>\n<meta name=\"twitter:card\" content=\"summary_large_image\" \/>\n<meta name=\"twitter:label1\" content=\"\u00c9crit par\" \/>\n\t<meta name=\"twitter:data1\" content=\"Bishou\" \/>\n\t<meta name=\"twitter:label2\" content=\"Dur\u00e9e de lecture estim\u00e9e\" \/>\n\t<meta name=\"twitter:data2\" content=\"2 minutes\" \/>\n<script type=\"application\/ld+json\" class=\"yoast-schema-graph\">{\"@context\":\"https:\/\/schema.org\",\"@graph\":[{\"@type\":\"WebPage\",\"@id\":\"https:\/\/docs.dolisim.com\/fr\/ajouter-les-photos-dun-bien\/\",\"url\":\"https:\/\/docs.dolisim.com\/fr\/ajouter-les-photos-dun-bien\/\",\"name\":\"Ajouter les photos d'un bien dans Dolisim - Documentation Dolisim\",\"isPartOf\":{\"@id\":\"https:\/\/docs.dolisim.com\/fr\/#website\"},\"datePublished\":\"2021-04-08T07:16:47+00:00\",\"dateModified\":\"2021-05-14T13:15:00+00:00\",\"author\":{\"@id\":\"https:\/\/docs.dolisim.com\/fr\/#\/schema\/person\/291932a127ee77aa4dba1380552770a4\"},\"description\":\"Facilitez la gestion de vos biens dans Dolisim, en ajoutant les photos. Nous allons voir comment proc\u00e9der pour l'ajout de vos photos.\",\"breadcrumb\":{\"@id\":\"https:\/\/docs.dolisim.com\/fr\/ajouter-les-photos-dun-bien\/#breadcrumb\"},\"inLanguage\":\"fr-FR\",\"potentialAction\":[{\"@type\":\"ReadAction\",\"target\":[\"https:\/\/docs.dolisim.com\/fr\/ajouter-les-photos-dun-bien\/\"]}]},{\"@type\":\"BreadcrumbList\",\"@id\":\"https:\/\/docs.dolisim.com\/fr\/ajouter-les-photos-dun-bien\/#breadcrumb\",\"itemListElement\":[{\"@type\":\"ListItem\",\"position\":1,\"name\":\"Home\",\"item\":\"https:\/\/docs.dolisim.com\/fr\/\"},{\"@type\":\"ListItem\",\"position\":2,\"name\":\"Gestion locative\",\"item\":\"https:\/\/docs.dolisim.com\/fr\/gestion-locative\/\"},{\"@type\":\"ListItem\",\"position\":3,\"name\":\"Ajouter les photos d&rsquo;un bien dans Dolisim\"}]},{\"@type\":\"WebSite\",\"@id\":\"https:\/\/docs.dolisim.com\/fr\/#website\",\"url\":\"https:\/\/docs.dolisim.com\/fr\/\",\"name\":\"Documentation Dolisim\",\"description\":\"Logiciel de Gestion d&#039;Entreprise ERP\",\"potentialAction\":[{\"@type\":\"SearchAction\",\"target\":{\"@type\":\"EntryPoint\",\"urlTemplate\":\"https:\/\/docs.dolisim.com\/fr\/?s={search_term_string}\"},\"query-input\":\"required name=search_term_string\"}],\"inLanguage\":\"fr-FR\"},{\"@type\":\"Person\",\"@id\":\"https:\/\/docs.dolisim.com\/fr\/#\/schema\/person\/291932a127ee77aa4dba1380552770a4\",\"name\":\"Bishou\",\"image\":{\"@type\":\"ImageObject\",\"inLanguage\":\"fr-FR\",\"@id\":\"https:\/\/docs.dolisim.com\/fr\/#\/schema\/person\/image\/\",\"url\":\"https:\/\/secure.gravatar.com\/avatar\/cb360fee633a39d9f4137bcf85c8019a3a3eccacbd0f2442c895ab9599fde196?s=96&d=mm&r=g\",\"contentUrl\":\"https:\/\/secure.gravatar.com\/avatar\/cb360fee633a39d9f4137bcf85c8019a3a3eccacbd0f2442c895ab9599fde196?s=96&d=mm&r=g\",\"caption\":\"Bishou\"},\"url\":\"https:\/\/docs.dolisim.com\/fr\/author\/bishou\/\"}]}<\/script>\n<!-- \/ Yoast SEO plugin. -->","yoast_head_json":{"title":"Ajouter les photos d'un bien dans Dolisim - Documentation Dolisim","description":"Facilitez la gestion de vos biens dans Dolisim, en ajoutant les photos. Nous allons voir comment proc\u00e9der pour l'ajout de vos photos.","robots":{"index":"index","follow":"follow","max-snippet":"max-snippet:-1","max-image-preview":"max-image-preview:large","max-video-preview":"max-video-preview:-1"},"canonical":"https:\/\/docs.dolisim.com\/fr\/ajouter-les-photos-dun-bien\/","og_locale":"fr_FR","og_type":"article","og_title":"Ajouter les photos d'un bien dans Dolisim - Documentation Dolisim","og_description":"Facilitez la gestion de vos biens dans Dolisim, en ajoutant les photos. Nous allons voir comment proc\u00e9der pour l'ajout de vos photos.","og_url":"https:\/\/docs.dolisim.com\/fr\/ajouter-les-photos-dun-bien\/","og_site_name":"Documentation Dolisim","article_published_time":"2021-04-08T07:16:47+00:00","article_modified_time":"2021-05-14T13:15:00+00:00","og_image":[{"width":620,"height":608,"url":"https:\/\/docs.dolisim.com\/fr\/wp-content\/uploads\/2021\/04\/logiciel-gestion-locative.png","type":"image\/png"}],"author":"Bishou","twitter_card":"summary_large_image","twitter_misc":{"\u00c9crit par":"Bishou","Dur\u00e9e de lecture estim\u00e9e":"2 minutes"},"schema":{"@context":"https:\/\/schema.org","@graph":[{"@type":"WebPage","@id":"https:\/\/docs.dolisim.com\/fr\/ajouter-les-photos-dun-bien\/","url":"https:\/\/docs.dolisim.com\/fr\/ajouter-les-photos-dun-bien\/","name":"Ajouter les photos d'un bien dans Dolisim - Documentation Dolisim","isPartOf":{"@id":"https:\/\/docs.dolisim.com\/fr\/#website"},"datePublished":"2021-04-08T07:16:47+00:00","dateModified":"2021-05-14T13:15:00+00:00","author":{"@id":"https:\/\/docs.dolisim.com\/fr\/#\/schema\/person\/291932a127ee77aa4dba1380552770a4"},"description":"Facilitez la gestion de vos biens dans Dolisim, en ajoutant les photos. Nous allons voir comment proc\u00e9der pour l'ajout de vos photos.","breadcrumb":{"@id":"https:\/\/docs.dolisim.com\/fr\/ajouter-les-photos-dun-bien\/#breadcrumb"},"inLanguage":"fr-FR","potentialAction":[{"@type":"ReadAction","target":["https:\/\/docs.dolisim.com\/fr\/ajouter-les-photos-dun-bien\/"]}]},{"@type":"BreadcrumbList","@id":"https:\/\/docs.dolisim.com\/fr\/ajouter-les-photos-dun-bien\/#breadcrumb","itemListElement":[{"@type":"ListItem","position":1,"name":"Home","item":"https:\/\/docs.dolisim.com\/fr\/"},{"@type":"ListItem","position":2,"name":"Gestion locative","item":"https:\/\/docs.dolisim.com\/fr\/gestion-locative\/"},{"@type":"ListItem","position":3,"name":"Ajouter les photos d&rsquo;un bien dans Dolisim"}]},{"@type":"WebSite","@id":"https:\/\/docs.dolisim.com\/fr\/#website","url":"https:\/\/docs.dolisim.com\/fr\/","name":"Documentation Dolisim","description":"Logiciel de Gestion d&#039;Entreprise ERP","potentialAction":[{"@type":"SearchAction","target":{"@type":"EntryPoint","urlTemplate":"https:\/\/docs.dolisim.com\/fr\/?s={search_term_string}"},"query-input":"required name=search_term_string"}],"inLanguage":"fr-FR"},{"@type":"Person","@id":"https:\/\/docs.dolisim.com\/fr\/#\/schema\/person\/291932a127ee77aa4dba1380552770a4","name":"Bishou","image":{"@type":"ImageObject","inLanguage":"fr-FR","@id":"https:\/\/docs.dolisim.com\/fr\/#\/schema\/person\/image\/","url":"https:\/\/secure.gravatar.com\/avatar\/cb360fee633a39d9f4137bcf85c8019a3a3eccacbd0f2442c895ab9599fde196?s=96&d=mm&r=g","contentUrl":"https:\/\/secure.gravatar.com\/avatar\/cb360fee633a39d9f4137bcf85c8019a3a3eccacbd0f2442c895ab9599fde196?s=96&d=mm&r=g","caption":"Bishou"},"url":"https:\/\/docs.dolisim.com\/fr\/author\/bishou\/"}]}},"_links":{"self":[{"href":"https:\/\/docs.dolisim.com\/fr\/wp-json\/wp\/v2\/posts\/57","targetHints":{"allow":["GET"]}}],"collection":[{"href":"https:\/\/docs.dolisim.com\/fr\/wp-json\/wp\/v2\/posts"}],"about":[{"href":"https:\/\/docs.dolisim.com\/fr\/wp-json\/wp\/v2\/types\/post"}],"author":[{"embeddable":true,"href":"https:\/\/docs.dolisim.com\/fr\/wp-json\/wp\/v2\/users\/2"}],"replies":[{"embeddable":true,"href":"https:\/\/docs.dolisim.com\/fr\/wp-json\/wp\/v2\/comments?post=57"}],"version-history":[{"count":3,"href":"https:\/\/docs.dolisim.com\/fr\/wp-json\/wp\/v2\/posts\/57\/revisions"}],"predecessor-version":[{"id":623,"href":"https:\/\/docs.dolisim.com\/fr\/wp-json\/wp\/v2\/posts\/57\/revisions\/623"}],"wp:featuredmedia":[{"embeddable":true,"href":"https:\/\/docs.dolisim.com\/fr\/wp-json\/wp\/v2\/media\/187"}],"wp:attachment":[{"href":"https:\/\/docs.dolisim.com\/fr\/wp-json\/wp\/v2\/media?parent=57"}],"wp:term":[{"taxonomy":"category","embeddable":true,"href":"https:\/\/docs.dolisim.com\/fr\/wp-json\/wp\/v2\/categories?post=57"},{"taxonomy":"post_tag","embeddable":true,"href":"https:\/\/docs.dolisim.com\/fr\/wp-json\/wp\/v2\/tags?post=57"}],"curies":[{"name":"wp","href":"https:\/\/api.w.org\/{rel}","templated":true}]}}